{"id":519,"date":"2015-11-25T12:05:12","date_gmt":"2015-11-25T11:05:12","guid":{"rendered":"http:\/\/circolarte.it\/online\/?p=519"},"modified":"2015-11-25T12:05:12","modified_gmt":"2015-11-25T11:05:12","slug":"asta-di-beneficienza-circolarte","status":"publish","type":"post","link":"https:\/\/circolarte.it\/online\/asta-di-beneficienza-circolarte\/","title":{"rendered":"Asta benefica alla Galleria Pirra &#8211; Torino"},"content":{"rendered":"<p>Associazione Circolarte \u00e8 lieta di invitarvi venerd\u00ec <strong>27 novembre | h 19.00<\/strong><br \/>\nall\u2019asta benefica a sostegno dei minori della comunit\u00e0 Mafalda di Verolengo (TO)<strong> battuta da Guido Curto<\/strong><\/p>\n<p><strong>Galleria Pirra Corso Vittorio Emanuele n.82 &#8211; Torino<\/strong><\/p>\n<div class=\"text_exposed_show\">\n<p>Opere di Gianluca Fol\u00ec, Marina Marcolin, Viola Niccola<br \/>\nIntermezzo chitarristico e poetico di<br \/>\nLe illustrazioni sono parte del progetto In Cammino, un\u2019indagine artistica sul tema del viaggio narrata attraverso le tavole di alcuni tra i migliori illustratori nel panorama italiano ed estero, presentato al pubblico in occasione di The Others Art Fair (Torino, 5-8 novembre 2015).<\/p>\n<p>I tre artisti hanno raccontato attraverso luoghi famigliari, ricordi ed esperienze, la propria definizione di spiritualit\u00e0.<br \/>\nUn viaggio intimistico che ha portato Viola Niccolai ai Bagni San Filippo a Siena al cospetto della Balena Bianca, Marina Marcolin a intraprendere dei Viaggi Minimi attraverso gli elementi naturali e la loro mutevolezza e Gianluca Fol\u00ec a descrivere la propria vita attraverso i simboli che cinque animali &#8211; l\u2019elefante, il toro, la tigre, la lepre e il destriero &#8211; portano nel proprio essere: un venator divine che pone lo sguardo sulla bellezza quanto sulle debolezze della propria natura.<\/p>\n<p>Grazie al supporto della Galleria Pirra l\u2019esposizione sar\u00e0 aperta a collezionisti e appassionati da gioved\u00ec 26 novembre (orari apertura: 9,30-12,30 | 15,30-19,30 ) e si concluder\u00e0 con assegnazione delle opere a fronte di offerte in sessione unica, venerd\u00ec 27 novembre 2015 a partire dalle ore 19.<\/p>\n<p>Le opere in mostra destinate all\u2019asta, sono inoltre consultabili nel catalogo allegato, cos\u00ec come le biografie professionali degli artisti e l\u2019indicazione di base d\u2019asta (-30% rispetto alla fiera)<\/p>\n<\/div>\n","protected":false},"excerpt":{"rendered":"<p>Associazione Circolarte \u00e8 lieta di invitarvi venerd\u00ec 27 novembre | h 19.00 all\u2019asta benefica a sostegno dei minori della comunit\u00e0 Mafalda di Verolengo (TO) battuta da Guido Curto Galleria Pirra&#8230;<\/p>\n","protected":false},"author":1,"featured_media":0,"comment_status":"open","ping_status":"open","sticky":false,"template":"","format":"standard","meta":{"footnotes":""},"categories":[27],"tags":[101,103,25,19,13,15,17],"class_list":["post-519","post","type-post","status-publish","format-standard","hentry","category-in-cammino","tag-asta","tag-asta-beneficienza","tag-circolarte","tag-progetti-per-il-sociale","tag-in-cammino","tag-arte","tag-illustrazione"],"_links":{"self":[{"href":"https:\/\/circolarte.it\/online\/wp-json\/wp\/v2\/posts\/519","targetHints":{"allow":["GET"]}}],"collection":[{"href":"https:\/\/circolarte.it\/online\/wp-json\/wp\/v2\/posts"}],"about":[{"href":"https:\/\/circolarte.it\/online\/wp-json\/wp\/v2\/types\/post"}],"author":[{"embeddable":true,"href":"https:\/\/circolarte.it\/online\/wp-json\/wp\/v2\/users\/1"}],"replies":[{"embeddable":true,"href":"https:\/\/circolarte.it\/online\/wp-json\/wp\/v2\/comments?post=519"}],"version-history":[{"count":1,"href":"https:\/\/circolarte.it\/online\/wp-json\/wp\/v2\/posts\/519\/revisions"}],"predecessor-version":[{"id":532,"href":"https:\/\/circolarte.it\/online\/wp-json\/wp\/v2\/posts\/519\/revisions\/532"}],"wp:attachment":[{"href":"https:\/\/circolarte.it\/online\/wp-json\/wp\/v2\/media?parent=519"}],"wp:term":[{"taxonomy":"category","embeddable":true,"href":"https:\/\/circolarte.it\/online\/wp-json\/wp\/v2\/categories?post=519"},{"taxonomy":"post_tag","embeddable":true,"href":"https:\/\/circolarte.it\/online\/wp-json\/wp\/v2\/tags?post=519"}],"curies":[{"name":"wp","href":"https:\/\/api.w.org\/{rel}","templated":true}]}}